{"id":1972,"date":"2026-03-15T07:59:55","date_gmt":"2026-03-15T07:59:55","guid":{"rendered":"https:\/\/vetrina.baldessano.roccati.edu.it\/?p=1972"},"modified":"2026-03-15T08:05:27","modified_gmt":"2026-03-15T08:05:27","slug":"giornata-internazionale-della-matematica-al-baldessano-roccati","status":"publish","type":"post","link":"https:\/\/vetrina.baldessano.roccati.edu.it\/?p=1972","title":{"rendered":"Giornata Internazionale della Matematica al Baldessano Roccati"},"content":{"rendered":"<p><span style=\"font-size: 1.125rem;\">La Giornata Internazionale della Matematica si celebra ogni anno il 14 marzo, data scelta perch\u00e9 nella notazione anglosassone 3\/14 richiama il celebre numero \u03c0 (pi greco), una delle costanti pi\u00f9 note e affascinanti della matematica. Nel 2026, tuttavia, il 14 marzo cade di sabato e le scuole sono chiuse. Per questo motivo l\u2019Istituto Baldessano Roccati di Carmagnola ha deciso di anticipare la consueta iniziativa al venerd\u00ec 13 marzo, trasformando la mattinata in un\u2019occasione di incontro tra studenti di et\u00e0 diverse all\u2019insegna della matematica..<\/span><\/p>\n<div>\n<p dir=\"auto\">Protagonisti dell\u2019iniziativa sono stati alcuni studenti dell\u2019istituto, che hanno accolto circa 200 alunni della scuola primaria provenienti dagli Istituti Comprensivi I e II di Carmagnola.<\/p>\n<p dir=\"auto\">I ragazzi pi\u00f9 grandi si sono trasformati per l\u2019occasione in guide e animatori scientifici, proponendo ai pi\u00f9 piccoli una serie di attivit\u00e0 pensate per mostrare come la matematica sia presente in tanti aspetti della vita quotidiana.<\/p>\n<p dir=\"auto\">Tra le esperienze proposte, una delle pi\u00f9 coinvolgenti \u00e8 stata dedicata al cifrario di Cesare, uno dei primi metodi di crittografia della storia, utilizzato nell\u2019antichit\u00e0 per trasmettere messaggi senza il rischio che il nemico potesse comprenderli. Si tratta di un sistema semplice basato sulla traslazione delle lettere dell\u2019alfabeto, ma che permette di introdurre i bambini al tema della sicurezza delle informazioni. Oggi questo metodo \u00e8 ormai obsoleto ed \u00e8 stato sostituito da sistemi molto pi\u00f9 complessi, basati ad esempio sulla fattorizzazione di numeri primi molto grandi, composti anche da migliaia di cifre.<\/p>\n<p dir=\"auto\">Un\u2019altra attivit\u00e0 ha riguardato il concetto di probabilit\u00e0. Pur non avendolo ancora affrontato formalmente in classe, molti bambini di 9 e 10 anni hanno dimostrato di possedere gi\u00e0 un\u2019intuizione naturale di questo concetto. Non \u00e8 forse un caso: la capacit\u00e0 di valutare le probabilit\u00e0 \u00e8 stata fondamentale per la sopravvivenza della specie umana nel corso di oltre 200 mila anni di evoluzione, aiutando l\u2019uomo a prendere decisioni in condizioni di incertezza.<\/p>\n<p dir=\"auto\">Grande successo ha riscosso anche il laboratorio di topologia, una branca della matematica che studia le propriet\u00e0 delle forme. Qui i ragazzi si sono cimentati con un problema apparentemente semplice ma sorprendentemente difficile: sciogliere un nodo. Un\u2019esperienza che molti di noi hanno affrontato almeno una volta nella vita, magari con un po\u2019 di frustrazione, ma che diventa anche un modo divertente per scoprire come la matematica possa aiutare a capire situazioni quotidiane.<\/p>\n<p dir=\"auto\">La mattinata si \u00e8 conclusa con un momento che ha unito matematica, letteratura e teatro. Grazie alla collaborazione con la Biblioteca civica di Carmagnola e con l\u2019aiuto di Claudia Maero, \u00e8 stato proposto un piccolo spettacolo dedicato alla poetessa polacca Wis\u0142awa Szymborska, Premio Nobel per la Letteratura, capace nei suoi versi di guardare al mondo con curiosit\u00e0 e stupore, lo stesso spirito che anima anche la ricerca scientifica.<\/p>\n<p dir=\"auto\">\u00c8 stata dunque una giornata speciale per celebrare la matematica insieme ai pi\u00f9 giovani. Perch\u00e9 la matematica non \u00e8 soltanto numeri e formule, ma uno strumento per comprendere il mondo, affrontare le sfide del&nbsp;<span style=\"font-family: -apple-system, sans-serif;\">presente<\/span>&nbsp;e immaginare il futuro.&nbsp;Non a caso il tema scelto per la Giornata Internazionale della Matematica di quest\u2019anno \u00e8 \u201c<b>Mathematics and Hope<\/b>\u201d: la matematica come linguaggio universale che pu\u00f2 contribuire a migliorare il mondo e a costruire nuove speranze per le generazioni che verranno.\u201d<\/p>\n<p dir=\"auto\"><img loading=\"lazy\" decoding=\"async\" class=\"alignnone wp-image-1976 size-large\" src=\"https:\/\/vetrina.baldessano.roccati.edu.it\/wp-content\/uploads\/2026\/03\/920f5d3f-d964-45b2-8f32-975eec5945bb-1024x768.jpeg\" alt=\"\" width=\"880\" height=\"660\" srcset=\"https:\/\/vetrina.baldessano.roccati.edu.it\/wp-content\/uploads\/2026\/03\/920f5d3f-d964-45b2-8f32-975eec5945bb-1024x768.jpeg 1024w, https:\/\/vetrina.baldessano.roccati.edu.it\/wp-content\/uploads\/2026\/03\/920f5d3f-d964-45b2-8f32-975eec5945bb-300x225.jpeg 300w, https:\/\/vetrina.baldessano.roccati.edu.it\/wp-content\/uploads\/2026\/03\/920f5d3f-d964-45b2-8f32-975eec5945bb-768x576.jpeg 768w, https:\/\/vetrina.baldessano.roccati.edu.it\/wp-content\/uploads\/2026\/03\/920f5d3f-d964-45b2-8f32-975eec5945bb-1536x1152.jpeg 1536w, https:\/\/vetrina.baldessano.roccati.edu.it\/wp-content\/uploads\/2026\/03\/920f5d3f-d964-45b2-8f32-975eec5945bb-440x330.jpeg 440w, https:\/\/vetrina.baldessano.roccati.edu.it\/wp-content\/uploads\/2026\/03\/920f5d3f-d964-45b2-8f32-975eec5945bb-920x690.jpeg 920w, https:\/\/vetrina.baldessano.roccati.edu.it\/wp-content\/uploads\/2026\/03\/920f5d3f-d964-45b2-8f32-975eec5945bb.jpeg 2048w\" sizes=\"auto, (max-width: 880px) 100vw, 880px\" \/> <img loading=\"lazy\" decoding=\"async\" class=\"size-medium wp-image-1975 alignleft\" src=\"https:\/\/vetrina.baldessano.roccati.edu.it\/wp-content\/uploads\/2026\/03\/IMG_5126-169x300.jpeg\" alt=\"\" width=\"169\" height=\"300\" srcset=\"https:\/\/vetrina.baldessano.roccati.edu.it\/wp-content\/uploads\/2026\/03\/IMG_5126-169x300.jpeg 169w, https:\/\/vetrina.baldessano.roccati.edu.it\/wp-content\/uploads\/2026\/03\/IMG_5126-576x1024.jpeg 576w, https:\/\/vetrina.baldessano.roccati.edu.it\/wp-content\/uploads\/2026\/03\/IMG_5126-768x1365.jpeg 768w, https:\/\/vetrina.baldessano.roccati.edu.it\/wp-content\/uploads\/2026\/03\/IMG_5126-864x1536.jpeg 864w, https:\/\/vetrina.baldessano.roccati.edu.it\/wp-content\/uploads\/2026\/03\/IMG_5126-1152x2048.jpeg 1152w, https:\/\/vetrina.baldessano.roccati.edu.it\/wp-content\/uploads\/2026\/03\/IMG_5126-scaled.jpeg 1440w\" sizes=\"auto, (max-width: 169px) 100vw, 169px\" \/> <img loading=\"lazy\" decoding=\"async\" class=\"size-medium wp-image-1974 alignright\" src=\"https:\/\/vetrina.baldessano.roccati.edu.it\/wp-content\/uploads\/2026\/03\/IMG_5119-225x300.jpeg\" alt=\"\" width=\"225\" height=\"300\" srcset=\"https:\/\/vetrina.baldessano.roccati.edu.it\/wp-content\/uploads\/2026\/03\/IMG_5119-225x300.jpeg 225w, https:\/\/vetrina.baldessano.roccati.edu.it\/wp-content\/uploads\/2026\/03\/IMG_5119-768x1024.jpeg 768w, https:\/\/vetrina.baldessano.roccati.edu.it\/wp-content\/uploads\/2026\/03\/IMG_5119-1152x1536.jpeg 1152w, https:\/\/vetrina.baldessano.roccati.edu.it\/wp-content\/uploads\/2026\/03\/IMG_5119-1536x2048.jpeg 1536w, https:\/\/vetrina.baldessano.roccati.edu.it\/wp-content\/uploads\/2026\/03\/IMG_5119-scaled.jpeg 1920w\" sizes=\"auto, (max-width: 225px) 100vw, 225px\" \/> <img loading=\"lazy\" decoding=\"async\" class=\"size-medium wp-image-1973 aligncenter\" src=\"https:\/\/vetrina.baldessano.roccati.edu.it\/wp-content\/uploads\/2026\/03\/IMG_5123-225x300.jpeg\" alt=\"\" width=\"225\" height=\"300\" srcset=\"https:\/\/vetrina.baldessano.roccati.edu.it\/wp-content\/uploads\/2026\/03\/IMG_5123-225x300.jpeg 225w, https:\/\/vetrina.baldessano.roccati.edu.it\/wp-content\/uploads\/2026\/03\/IMG_5123-768x1024.jpeg 768w, https:\/\/vetrina.baldessano.roccati.edu.it\/wp-content\/uploads\/2026\/03\/IMG_5123-1152x1536.jpeg 1152w, https:\/\/vetrina.baldessano.roccati.edu.it\/wp-content\/uploads\/2026\/03\/IMG_5123-1536x2048.jpeg 1536w, https:\/\/vetrina.baldessano.roccati.edu.it\/wp-content\/uploads\/2026\/03\/IMG_5123-scaled.jpeg 1920w\" sizes=\"auto, (max-width: 225px) 100vw, 225px\" \/><\/p>\n<\/div>\n","protected":false},"excerpt":{"rendered":"<p>La Giornata Internazionale della Matematica si celebra ogni anno il 14 marzo, data scelta perch\u00e9 nella notazione anglosassone 3\/14 richiama<\/p>\n<p><a href=\"https:\/\/vetrina.baldessano.roccati.edu.it\/?p=1972\" class=\"more-link\">Continue reading<span class=\"screen-reader-text\">Giornata Internazionale della Matematica al Baldessano Roccati<\/span><\/a><\/p>\n","protected":false},"author":2,"featured_media":1979,"comment_status":"open","ping_status":"open","sticky":false,"template":"","format":"standard","meta":{"ngg_post_thumbnail":0,"footnotes":""},"categories":[5],"tags":[],"class_list":["post-1972","post","type-post","status-publish","format-standard","has-post-thumbnail","hentry","category-news"],"_links":{"self":[{"href":"https:\/\/vetrina.baldessano.roccati.edu.it\/index.php?rest_route=\/wp\/v2\/posts\/1972","targetHints":{"allow":["GET"]}}],"collection":[{"href":"https:\/\/vetrina.baldessano.roccati.edu.it\/index.php?rest_route=\/wp\/v2\/posts"}],"about":[{"href":"https:\/\/vetrina.baldessano.roccati.edu.it\/index.php?rest_route=\/wp\/v2\/types\/post"}],"author":[{"embeddable":true,"href":"https:\/\/vetrina.baldessano.roccati.edu.it\/index.php?rest_route=\/wp\/v2\/users\/2"}],"replies":[{"embeddable":true,"href":"https:\/\/vetrina.baldessano.roccati.edu.it\/index.php?rest_route=%2Fwp%2Fv2%2Fcomments&post=1972"}],"version-history":[{"count":1,"href":"https:\/\/vetrina.baldessano.roccati.edu.it\/index.php?rest_route=\/wp\/v2\/posts\/1972\/revisions"}],"predecessor-version":[{"id":1978,"href":"https:\/\/vetrina.baldessano.roccati.edu.it\/index.php?rest_route=\/wp\/v2\/posts\/1972\/revisions\/1978"}],"wp:featuredmedia":[{"embeddable":true,"href":"https:\/\/vetrina.baldessano.roccati.edu.it\/index.php?rest_route=\/wp\/v2\/media\/1979"}],"wp:attachment":[{"href":"https:\/\/vetrina.baldessano.roccati.edu.it\/index.php?rest_route=%2Fwp%2Fv2%2Fmedia&parent=1972"}],"wp:term":[{"taxonomy":"category","embeddable":true,"href":"https:\/\/vetrina.baldessano.roccati.edu.it\/index.php?rest_route=%2Fwp%2Fv2%2Fcategories&post=1972"},{"taxonomy":"post_tag","embeddable":true,"href":"https:\/\/vetrina.baldessano.roccati.edu.it\/index.php?rest_route=%2Fwp%2Fv2%2Ftags&post=1972"}],"curies":[{"name":"wp","href":"https:\/\/api.w.org\/{rel}","templated":true}]}}