{"id":1675,"date":"2025-08-18T08:19:32","date_gmt":"2025-08-18T08:19:32","guid":{"rendered":"https:\/\/vetrina.baldessano.roccati.edu.it\/?p=1675"},"modified":"2025-08-18T08:19:32","modified_gmt":"2025-08-18T08:19:32","slug":"inizio-lezioni-settembre-2025","status":"publish","type":"post","link":"https:\/\/vetrina.baldessano.roccati.edu.it\/?p=1675","title":{"rendered":"INIZIO LEZIONI SETTEMBRE 2025"},"content":{"rendered":"<p><span style=\"font-family: 'arial black', 'avant garde'; font-size: 20px;\"><strong>INIZIO SCUOLA MERCOLEDI 10 SETTEMBRE<\/strong><\/span><\/p>\n<p>ORE 8-12<br \/>\nsolo classi prime, incontro con la DS in auditorium con le famiglie<br \/>\n\uf02d h 8 &#8211; 8.30 LST e LC<br \/>\n\uf02d h 8.30 &#8211; 9 LSA<br \/>\n\uf02d h 9 &#8211; 9:30 FM<br \/>\n\uf02d h 9:30 &#8211; 10 TT e TA<br \/>\n\uf02d h 10 \u2013 10:30 PA<br \/>\n\uf02d h 10:30 &#8211; 11 PC e PS<\/p>\n<p><span style=\"font-family: 'arial black', 'avant garde'; font-size: 19px;\"><strong>INIZIO SCUOLA GIOVEDI 11 SETTEMBRE<\/strong><\/span><\/p>\n<p>ORE 8-12<br \/>\nclassi prime e seconde<\/p>\n<p><span style=\"font-family: 'arial black', 'avant garde'; font-size: 19px;\"><strong>INIZIO SCUOLA VENERDI 12 SETTEMBRE<\/strong><\/span><\/p>\n<p>ORE 8-12<br \/>\ntutte le classi<\/p>\n<p><strong><span style=\"font-size: 19px;\">ORARIO PRIME SETTIMANE<\/span><\/strong><\/p>\n<p>da luned\u00ec 15 a venerd\u00ec 26 tutte le classi avranno orario 8,00-13,00<br \/>\nda luned\u00ec 29 settembre a venerd\u00ec 10 ottobre tutte le classi avranno orario 8,00-14,00<br \/>\nda luned\u00ec 13 ottobre orario definitivo: tutte le classi da luned\u00ec a venerd\u00ec 8,00-14,00<\/p>\n<p><span style=\"font-size: 19px;\"><strong>RIENTRI<\/strong><\/span><\/p>\n<p>marted\u00ec 14,30-16,30<br \/>\ngioved\u00ec 14,30-16,30<br \/>\nvenerd\u00ec 14,30-16,30<\/p>\n","protected":false},"excerpt":{"rendered":"<p>INIZIO SCUOLA MERCOLEDI 10 SETTEMBRE ORE 8-12 solo classi prime, incontro con la DS in auditorium con le famiglie \uf02d<\/p>\n<p><a href=\"https:\/\/vetrina.baldessano.roccati.edu.it\/?p=1675\" class=\"more-link\">Continue reading<span class=\"screen-reader-text\">INIZIO LEZIONI SETTEMBRE 2025<\/span><\/a><\/p>\n","protected":false},"author":2,"featured_media":1670,"comment_status":"open","ping_status":"open","sticky":false,"template":"","format":"standard","meta":{"ngg_post_thumbnail":0,"footnotes":""},"categories":[5],"tags":[],"class_list":["post-1675","post","type-post","status-publish","format-standard","has-post-thumbnail","hentry","category-news"],"_links":{"self":[{"href":"https:\/\/vetrina.baldessano.roccati.edu.it\/index.php?rest_route=\/wp\/v2\/posts\/1675","targetHints":{"allow":["GET"]}}],"collection":[{"href":"https:\/\/vetrina.baldessano.roccati.edu.it\/index.php?rest_route=\/wp\/v2\/posts"}],"about":[{"href":"https:\/\/vetrina.baldessano.roccati.edu.it\/index.php?rest_route=\/wp\/v2\/types\/post"}],"author":[{"embeddable":true,"href":"https:\/\/vetrina.baldessano.roccati.edu.it\/index.php?rest_route=\/wp\/v2\/users\/2"}],"replies":[{"embeddable":true,"href":"https:\/\/vetrina.baldessano.roccati.edu.it\/index.php?rest_route=%2Fwp%2Fv2%2Fcomments&post=1675"}],"version-history":[{"count":1,"href":"https:\/\/vetrina.baldessano.roccati.edu.it\/index.php?rest_route=\/wp\/v2\/posts\/1675\/revisions"}],"predecessor-version":[{"id":1676,"href":"https:\/\/vetrina.baldessano.roccati.edu.it\/index.php?rest_route=\/wp\/v2\/posts\/1675\/revisions\/1676"}],"wp:featuredmedia":[{"embeddable":true,"href":"https:\/\/vetrina.baldessano.roccati.edu.it\/index.php?rest_route=\/wp\/v2\/media\/1670"}],"wp:attachment":[{"href":"https:\/\/vetrina.baldessano.roccati.edu.it\/index.php?rest_route=%2Fwp%2Fv2%2Fmedia&parent=1675"}],"wp:term":[{"taxonomy":"category","embeddable":true,"href":"https:\/\/vetrina.baldessano.roccati.edu.it\/index.php?rest_route=%2Fwp%2Fv2%2Fcategories&post=1675"},{"taxonomy":"post_tag","embeddable":true,"href":"https:\/\/vetrina.baldessano.roccati.edu.it\/index.php?rest_route=%2Fwp%2Fv2%2Ftags&post=1675"}],"curies":[{"name":"wp","href":"https:\/\/api.w.org\/{rel}","templated":true}]}}