{"id":1499,"date":"2025-06-07T15:54:30","date_gmt":"2025-06-07T15:54:30","guid":{"rendered":"https:\/\/vetrina.baldessano.roccati.edu.it\/?p=1499"},"modified":"2025-06-13T14:36:30","modified_gmt":"2025-06-13T14:36:30","slug":"sold-out-per-il-bald-rock-live","status":"publish","type":"post","link":"https:\/\/vetrina.baldessano.roccati.edu.it\/?p=1499","title":{"rendered":"SOLD OUT PER IL BALD ROCK LIVE"},"content":{"rendered":"<p><strong>BALD ROCK LIVE SHOW 2025 2n edition<\/strong><\/p>\n<p>Gioved\u00ec 29 e venerd\u00ec 30 maggio, l\u2019Auditorium dell\u2019IISS \u201cBaldessano-Roccati\u201d \u00e8 diventato, per il secondo anno, la cornice perfetta di uno splendido spettacolo musicale che si \u00e8 trasformato per ben 5 volte in un vero e proprio concerto dal vivo. Ben 34 allievi dell\u2019Istituto frequentanti le classi del biennio, di terza e di quinta dei vari indirizzi Liceali (Tradizionale, Classico e delle Scienze Applicate), dell\u2019indirizzo Tecnico Finanza e Marketing e degli Indirizzi Professionale Commerciale e Socio-Sanitario, hanno aderito al \u201cProgetto Musica\u201d, ideato dalla prof.ssa Erica Bosco e realizzato insieme a due compagni di viaggio d\u2019eccezione, il prof. Umberto Dalicco e Alberto Santoru, professionisti non solo in ambito scolastico ma anche musicale. I tre responsabili del Progetto hanno lavorato come una squadra affiatata per 8 mesi, guidando le \u201cnew entry\u201d e coinvolgendo maggiormente i ragazzi che avevano gi\u00e0 partecipato l\u2019anno precedente, con l\u2019obiettivo di portare ulteriore qualit\u00e0 e professionalit\u00e0 al progetto giunto alla sua seconda edizione. E di fatto, la festa musicale del \u201cBald Rock\u201d, come chiamano affettuosamente la loro scuola, si \u00e8 rivelata all\u2019altezza delle aspettative! Ai 34 allievi si sono aggiunti due ex allievi del \u201cBaldessano-Roccati\u201d, Marianna Capra e Andrea Bertero; Marianna ha intrapreso un percorso artistico e musicale dopo la maturit\u00e0 scientifica: frequenta, infatti, il DAMS, mentre Andrea \u00e8 al secondo anno della Facolt\u00e0 di Medicina, ma coltiva da sempre la passione per la musica. Entrambi si sono lasciati travolgere dall\u2019entusiasmo e dall\u2019affetto per ex scuola ed ex prof, contribuendo cos\u00ec a rendere ancora pi\u00f9 speciale lo spettacolo. I ragazzi del \u201cProgetto Musica\u201d hanno formato nuovi gruppi e riconfermato gruppi ormai consolidati, hanno scelto i brani da suonare, spaziando dalla musica pop all\u2019hip-pop, passando per il soul, il jazz e il rock and roll, ma non solo: hanno curato gli arrangiamenti, con la supervisione esperta di Santoru e Dalicco, cos\u00ec da valorizzare voci e strumenti musicali suonati, dimostrando una gran maturit\u00e0 musicale (e umana). Si \u00e8 anche creato un meraviglioso gruppo dei prof, composto, oltre che da Dalicco, bravissimo cantante e chitarrista, e Santoru, bassista di successo, dai docenti Sara Gambino, Erica Mana e Claudio Cipolla che hanno deliziato il pubblico con la loro passione, grinta e talento innato per la musica. I ragazzi e i prof si sono trovati per fare le prove 1 volta al mese, a partire dal mese di ottobre fino alla prova generale del 26 maggio scorso, per un totale di 8 incontri pomeridiani, districandosi tra i tanti impegni scolastici ed extra-scolastici ed il risultato \u00e8 stato a dir poco strepitoso!<\/p>\n<p>La riprova del successo dell\u2019evento \u00e8 stato il sold-out a tutte le repliche, per un totale di 42 classi, famigliari, amici, allievi, docenti, ex allievi ed ex docenti del \u201cBaldessano-Roccati\u201d che hanno potuto godere del bellissimo momento di musica e di condivisione. Bosco, Dalicco e Santoru dichiarano soddisfatti: \u201c<em>Abbiamo ricevuto tanti apprezzamenti e complimenti, e questo ovviamente ci lusinga molto, ma quello che ci rende pi\u00f9 orgogliosi \u00e8 l\u2019essere riusciti a portare avanti e a rendere sempre pi\u00f9 di qualit\u00e0 un progetto nel quale crediamo molto e che ha dato la possibilit\u00e0 a noi e ai ragazzi non solo di vivere la scuola in modo diverso ma di poterci esprimere liberamente attraverso la musica. In secondo luogo, la consapevolezza di aver dato a noi stessi e ai ragazzi l\u2019opportunit\u00e0 di emozionarsi su un palco e di emozionare il pubblico, ci rende molto fieri del lavoro svolto, e da ultimo, ma non certo per importanza, siamo felici di aver creato uno spazio di crescita e formazione non solo come docenti e alunni, ma soprattutto come persone che lavorano insieme per dare vita ad uno spettacolo di valore. L\u2019adrenalina \u00e8 ancora alle stelle, ma ovviamente si lavora gi\u00e0 per il prossimo anno scolastico!\u201d. <\/em>I ragazzi del \u201cBald Rock\u201d saranno ospiti della giornata di domenica 28 settembre 2025, in occasione dei festeggiamenti patronali, a San Michele, per regalare di nuovo tanta buona musica e tante belle emozioni.<\/p>\n<p>&nbsp;<\/p>\n<p>Ecco i momenti salienti della festa musicale di fine anno scolastico!!! Le foto sono di Enrico Perotti.<\/p>\nngg_shortcode_0_placeholder\n<p>&nbsp;<\/p>\n<p>Seguiteci qui e sui social della scuola!<\/p>\n","protected":false},"excerpt":{"rendered":"<p>BALD ROCK LIVE SHOW 2025 2n edition Gioved\u00ec 29 e venerd\u00ec 30 maggio, l\u2019Auditorium dell\u2019IISS \u201cBaldessano-Roccati\u201d \u00e8 diventato, per il<\/p>\n<p><a href=\"https:\/\/vetrina.baldessano.roccati.edu.it\/?p=1499\" class=\"more-link\">Continue reading<span class=\"screen-reader-text\">SOLD OUT PER IL BALD ROCK LIVE<\/span><\/a><\/p>\n","protected":false},"author":2,"featured_media":1568,"comment_status":"open","ping_status":"open","sticky":false,"template":"","format":"standard","meta":{"ngg_post_thumbnail":0,"footnotes":""},"categories":[5],"tags":[],"class_list":["post-1499","post","type-post","status-publish","format-standard","has-post-thumbnail","hentry","category-news"],"_links":{"self":[{"href":"https:\/\/vetrina.baldessano.roccati.edu.it\/index.php?rest_route=\/wp\/v2\/posts\/1499","targetHints":{"allow":["GET"]}}],"collection":[{"href":"https:\/\/vetrina.baldessano.roccati.edu.it\/index.php?rest_route=\/wp\/v2\/posts"}],"about":[{"href":"https:\/\/vetrina.baldessano.roccati.edu.it\/index.php?rest_route=\/wp\/v2\/types\/post"}],"author":[{"embeddable":true,"href":"https:\/\/vetrina.baldessano.roccati.edu.it\/index.php?rest_route=\/wp\/v2\/users\/2"}],"replies":[{"embeddable":true,"href":"https:\/\/vetrina.baldessano.roccati.edu.it\/index.php?rest_route=%2Fwp%2Fv2%2Fcomments&post=1499"}],"version-history":[{"count":4,"href":"https:\/\/vetrina.baldessano.roccati.edu.it\/index.php?rest_route=\/wp\/v2\/posts\/1499\/revisions"}],"predecessor-version":[{"id":1635,"href":"https:\/\/vetrina.baldessano.roccati.edu.it\/index.php?rest_route=\/wp\/v2\/posts\/1499\/revisions\/1635"}],"wp:featuredmedia":[{"embeddable":true,"href":"https:\/\/vetrina.baldessano.roccati.edu.it\/index.php?rest_route=\/wp\/v2\/media\/1568"}],"wp:attachment":[{"href":"https:\/\/vetrina.baldessano.roccati.edu.it\/index.php?rest_route=%2Fwp%2Fv2%2Fmedia&parent=1499"}],"wp:term":[{"taxonomy":"category","embeddable":true,"href":"https:\/\/vetrina.baldessano.roccati.edu.it\/index.php?rest_route=%2Fwp%2Fv2%2Fcategories&post=1499"},{"taxonomy":"post_tag","embeddable":true,"href":"https:\/\/vetrina.baldessano.roccati.edu.it\/index.php?rest_route=%2Fwp%2Fv2%2Ftags&post=1499"}],"curies":[{"name":"wp","href":"https:\/\/api.w.org\/{rel}","templated":true}]}}