{"id":1274,"date":"2025-01-24T17:29:58","date_gmt":"2025-01-24T17:29:58","guid":{"rendered":"https:\/\/vetrina.baldessano.roccati.edu.it\/?p=1274"},"modified":"2025-01-24T17:29:58","modified_gmt":"2025-01-24T17:29:58","slug":"giornata-della-memoria","status":"publish","type":"post","link":"https:\/\/vetrina.baldessano.roccati.edu.it\/?p=1274","title":{"rendered":"GIORNATA DELLA MEMORIA"},"content":{"rendered":"<p>La <strong>Giornata della Memoria<\/strong>, celebrata ogni anno il <strong>27 gennaio<\/strong>, \u00e8 un\u2019occasione per riflettere sulle tragiche vicende dell\u2019Olocausto e sulle atrocit\u00e0 commesse durante la Seconda Guerra Mondiale. In questa data, si ricorda la liberazione del campo di concentramento di Auschwitz, avvenuta nel 1945, un simbolo del dramma umano vissuto da milioni di persone nei lager. L&#8217;obiettivo della giornata \u00e8 promuovere la consapevolezza storica e trasmettere alle nuove generazioni l&#8217;importanza di valori come il rispetto, la tolleranza e la dignit\u00e0 umana. Attraverso iniziative didattiche, testimonianze e attivit\u00e0 culturali, le scuole si impegnano a coltivare la memoria, per costruire un futuro in cui simili tragedie non abbiano pi\u00f9 luogo.<\/p>\n","protected":false},"excerpt":{"rendered":"<p>La Giornata della Memoria, celebrata ogni anno il 27 gennaio, \u00e8 un\u2019occasione per riflettere sulle tragiche vicende dell\u2019Olocausto e sulle<\/p>\n<p><a href=\"https:\/\/vetrina.baldessano.roccati.edu.it\/?p=1274\" class=\"more-link\">Continue reading<span class=\"screen-reader-text\">GIORNATA DELLA MEMORIA<\/span><\/a><\/p>\n","protected":false},"author":2,"featured_media":1275,"comment_status":"open","ping_status":"open","sticky":false,"template":"","format":"standard","meta":{"ngg_post_thumbnail":0,"footnotes":""},"categories":[5],"tags":[],"class_list":["post-1274","post","type-post","status-publish","format-standard","has-post-thumbnail","hentry","category-news"],"_links":{"self":[{"href":"https:\/\/vetrina.baldessano.roccati.edu.it\/index.php?rest_route=\/wp\/v2\/posts\/1274","targetHints":{"allow":["GET"]}}],"collection":[{"href":"https:\/\/vetrina.baldessano.roccati.edu.it\/index.php?rest_route=\/wp\/v2\/posts"}],"about":[{"href":"https:\/\/vetrina.baldessano.roccati.edu.it\/index.php?rest_route=\/wp\/v2\/types\/post"}],"author":[{"embeddable":true,"href":"https:\/\/vetrina.baldessano.roccati.edu.it\/index.php?rest_route=\/wp\/v2\/users\/2"}],"replies":[{"embeddable":true,"href":"https:\/\/vetrina.baldessano.roccati.edu.it\/index.php?rest_route=%2Fwp%2Fv2%2Fcomments&post=1274"}],"version-history":[{"count":1,"href":"https:\/\/vetrina.baldessano.roccati.edu.it\/index.php?rest_route=\/wp\/v2\/posts\/1274\/revisions"}],"predecessor-version":[{"id":1276,"href":"https:\/\/vetrina.baldessano.roccati.edu.it\/index.php?rest_route=\/wp\/v2\/posts\/1274\/revisions\/1276"}],"wp:featuredmedia":[{"embeddable":true,"href":"https:\/\/vetrina.baldessano.roccati.edu.it\/index.php?rest_route=\/wp\/v2\/media\/1275"}],"wp:attachment":[{"href":"https:\/\/vetrina.baldessano.roccati.edu.it\/index.php?rest_route=%2Fwp%2Fv2%2Fmedia&parent=1274"}],"wp:term":[{"taxonomy":"category","embeddable":true,"href":"https:\/\/vetrina.baldessano.roccati.edu.it\/index.php?rest_route=%2Fwp%2Fv2%2Fcategories&post=1274"},{"taxonomy":"post_tag","embeddable":true,"href":"https:\/\/vetrina.baldessano.roccati.edu.it\/index.php?rest_route=%2Fwp%2Fv2%2Ftags&post=1274"}],"curies":[{"name":"wp","href":"https:\/\/api.w.org\/{rel}","templated":true}]}}